{"id":3207,"date":"2024-02-04T10:52:40","date_gmt":"2024-02-04T09:52:40","guid":{"rendered":"https:\/\/drylast.com\/?p=3207"},"modified":"2024-10-31T15:12:50","modified_gmt":"2024-10-31T14:12:50","slug":"entreprises-comment-faire-face-a-la-hausse-de-lelectricite","status":"publish","type":"post","link":"https:\/\/drylast.com\/de\/blog\/entreprises-comment-faire-face-a-la-hausse-de-lelectricite\/","title":{"rendered":"Unternehmen : Wie sich der Anstieg der Strompreise bew\u00e4ltigen l\u00e4sst ?"},"content":{"rendered":"<div data-elementor-type=\"wp-post\" data-elementor-id=\"3207\" class=\"elementor elementor-3207\" data-elementor-settings=\"{&quot;ha_cmc_init_switcher&quot;:&quot;no&quot;}\" data-elementor-post-type=\"post\">\n\t\t\t\t<div class=\"elementor-element elementor-element-cae6023 e-flex e-con-boxed e-con e-parent\" data-id=\"cae6023\" data-element_type=\"container\" data-e-type=\"container\" data-settings=\"{&quot;_ha_eqh_enable&quot;:false}\">\n\t\t\t\t\t<div class=\"e-con-inner\">\n\t\t\t\t<div class=\"elementor-element elementor-element-d3e9dcc elementor-widget__width-initial elementor-widget-tablet__width-initial elementor-widget-mobile__width-inherit elementor-widget elementor-widget-text-editor\" data-id=\"d3e9dcc\" data-element_type=\"widget\" data-e-type=\"widget\" data-widget_type=\"text-editor.default\">\n\t\t\t\t<div class=\"elementor-widget-container\">\n\t\t\t\t\t\t\t\t\t<p>Seit dem 1. Februar 2024 ist die Stromrechnung f\u00fcr Unternehmen um etwa 10% gestiegen. Dieser Anstieg ist auf das schrittweise Ende des Preisdeckels zur\u00fcckzuf\u00fchren, der von der Regierung im Oktober 2021 eingef\u00fchrt wurde.<\/p>\n<p>Der Preisdeckel sollte urspr\u00fcnglich im Dezember 2023 enden. Daher wird die Steuer auf den Endverbrauch von Elektrizit\u00e4t (TICFE) ab Februar 2024 schrittweise auf 21 \u20ac angehoben, mit einer R\u00fcckkehr zur Normalit\u00e4t im Februar 2025. Dieser Anstieg hat erhebliche Auswirkungen auf die Finanzen der Unternehmen. F\u00fcr jedes f\u00fcnfte Unternehmen ist Energie mittlerweile der gr\u00f6\u00dfte Posten der Ausgaben.<\/p>\n<p class=\"translation-block\"><a href=\"\/de\/coolroofing\/\" rel=\"noopener\" target=\"_self\">cool roofing<\/a> ist eine Technologie, die zunehmend bekannt wird, um auf die Energie- und Klimakrise zu reagieren.<\/p>\n<p class=\"translation-block\">Diese hochalbedo-Beschichtung, die auf D\u00e4chern aufgebracht wird, dient der Verbesserung der Energieeffizienz Ihres Geb\u00e4udes. Durch den Reflexionseffekt absorbiert das Dach weniger W\u00e4rme, wodurch der Energieverbrauch f\u00fcr Klimaanlagen reduziert wird. <a href=\"\/de\/coolroofing\/\" target=\"_self\">cool roofing<\/a> hat einen erheblichen wirtschaftlichen Einfluss, da es eine Reduzierung von bis zu 30% der j\u00e4hrlichen Klimaanlagenrechnungen erm\u00f6glicht.<\/p>\n<p class=\"translation-block\">Durch die Bek\u00e4mpfung der \u00dcberhitzung von D\u00e4chern in gr\u00f6\u00dferem Ma\u00dfstab hilft <a href=\"\/de\/coolroofing\/\" target=\"_self\">cool roofing<\/a>, st\u00e4dtische W\u00e4rmeinseln zu reduzieren und die Frische im Inneren des Geb\u00e4udes zu bewahren. Der thermische Komfort im Sommer wird somit verbessert.<\/p>\n<p><!-- notionvc: 59e45ca3-cde9-485d-aaab-12758bb1db05 --><\/p>\n<p>W\u00e4hrend sie Ihren CO2-Fu\u00dfabdruck verringert, wird diese Technologie Ihnen helfen, den Anstieg der Stromkosten besser zu bew\u00e4ltigen.<\/p>\t\t\t\t\t\t\t\t<\/div>\n\t\t\t\t<\/div>\n\t\t\t\t\t<\/div>\n\t\t\t\t<\/div>\n\t\t\t\t<\/div>","protected":false},"excerpt":{"rendered":"<p>Depuis le 1er f\u00e9vrier 2024, la facture d\u2019\u00e9lectricit\u00e9 des entreprises a augment\u00e9 d\u2019environ 10%. Cette hausse est due \u00e0 la fin progressive du bouclier tarifaire mis en place par le Gouvernement en octobre 2021. Le bouclier tarifaire devait initialement se terminer en d\u00e9cembre 2023. La taxe int\u00e9rieure de consommation finale de l&rsquo;\u00e9lectricit\u00e9 (TICFE) remonte donc [&hellip;]<\/p>\n","protected":false},"author":3,"featured_media":3765,"comment_status":"closed","ping_status":"open","sticky":false,"template":"","format":"standard","meta":{"footnotes":""},"categories":[12],"tags":[],"class_list":["post-3207","post","type-post","status-publish","format-standard","has-post-thumbnail","hentry","category-actualite"],"yoast_head":"<!-- This site is optimized with the Yoast SEO plugin v27.4 - https:\/\/yoast.com\/product\/yoast-seo-wordpress\/ -->\n<title>Entreprises\u00a0: comment faire face \u00e0 la hausse de l\u2019\u00e9lectricit\u00e9\u00a0? &#8211; Blog - Drylast<\/title>\n<meta name=\"description\" content=\"Entreprises\u00a0: comment faire face \u00e0 la hausse de l\u2019\u00e9lectricit\u00e9\u00a0?, article de blog de l&#039;entreprise Drylast.\" \/>\n<meta name=\"robots\" content=\"index, follow, max-snippet:-1, max-image-preview:large, max-video-preview:-1\" \/>\n<link rel=\"canonical\" href=\"https:\/\/drylast.com\/de\/blog\/entreprises-comment-faire-face-a-la-hausse-de-lelectricite\/\" \/>\n<meta property=\"og:locale\" content=\"de_DE\" \/>\n<meta property=\"og:type\" content=\"article\" \/>\n<meta property=\"og:title\" content=\"Entreprises\u00a0: comment faire face \u00e0 la hausse de l\u2019\u00e9lectricit\u00e9\u00a0? &#8211; Blog - Drylast\" \/>\n<meta property=\"og:description\" content=\"Entreprises\u00a0: comment faire face \u00e0 la hausse de l\u2019\u00e9lectricit\u00e9\u00a0?, article de blog de l&#039;entreprise Drylast.\" \/>\n<meta property=\"og:url\" content=\"https:\/\/drylast.com\/de\/blog\/entreprises-comment-faire-face-a-la-hausse-de-lelectricite\/\" \/>\n<meta property=\"og:site_name\" content=\"Drylast\" \/>\n<meta property=\"article:published_time\" content=\"2024-02-04T09:52:40+00:00\" \/>\n<meta property=\"article:modified_time\" content=\"2024-10-31T14:12:50+00:00\" \/>\n<meta property=\"og:image\" content=\"https:\/\/drylast.com\/wp-content\/uploads\/2024\/02\/Visuel-web-Hausse-electricite.png\" \/>\n\t<meta property=\"og:image:width\" content=\"5333\" \/>\n\t<meta property=\"og:image:height\" content=\"3000\" \/>\n\t<meta property=\"og:image:type\" content=\"image\/png\" \/>\n<meta name=\"author\" content=\"Elsa Seguin\" \/>\n<meta name=\"twitter:card\" content=\"summary_large_image\" \/>\n<meta name=\"twitter:label1\" content=\"Verfasst von\" \/>\n\t<meta name=\"twitter:data1\" content=\"Elsa Seguin\" \/>\n\t<meta name=\"twitter:label2\" content=\"Gesch\u00e4tzte Lesezeit\" \/>\n\t<meta name=\"twitter:data2\" content=\"2\u00a0Minuten\" \/>\n<script type=\"application\/ld+json\" class=\"yoast-schema-graph\">{\"@context\":\"https:\\\/\\\/schema.org\",\"@graph\":[{\"@type\":\"Article\",\"@id\":\"https:\\\/\\\/drylast.com\\\/blog\\\/entreprises-comment-faire-face-a-la-hausse-de-lelectricite\\\/#article\",\"isPartOf\":{\"@id\":\"https:\\\/\\\/drylast.com\\\/blog\\\/entreprises-comment-faire-face-a-la-hausse-de-lelectricite\\\/\"},\"author\":{\"name\":\"Elsa Seguin\",\"@id\":\"https:\\\/\\\/drylast.com\\\/#\\\/schema\\\/person\\\/7a49a06106ee582f8eee4b405d2f1fed\"},\"headline\":\"Entreprises\u00a0: comment faire face \u00e0 la hausse de l\u2019\u00e9lectricit\u00e9\u00a0?\",\"datePublished\":\"2024-02-04T09:52:40+00:00\",\"dateModified\":\"2024-10-31T14:12:50+00:00\",\"mainEntityOfPage\":{\"@id\":\"https:\\\/\\\/drylast.com\\\/blog\\\/entreprises-comment-faire-face-a-la-hausse-de-lelectricite\\\/\"},\"wordCount\":264,\"publisher\":{\"@id\":\"https:\\\/\\\/drylast.com\\\/#organization\"},\"image\":{\"@id\":\"https:\\\/\\\/drylast.com\\\/blog\\\/entreprises-comment-faire-face-a-la-hausse-de-lelectricite\\\/#primaryimage\"},\"thumbnailUrl\":\"https:\\\/\\\/drylast.com\\\/wp-content\\\/uploads\\\/2024\\\/02\\\/Visuel-web-Hausse-electricite.png\",\"articleSection\":[\"Actualit\u00e9\"],\"inLanguage\":\"de\"},{\"@type\":\"WebPage\",\"@id\":\"https:\\\/\\\/drylast.com\\\/blog\\\/entreprises-comment-faire-face-a-la-hausse-de-lelectricite\\\/\",\"url\":\"https:\\\/\\\/drylast.com\\\/blog\\\/entreprises-comment-faire-face-a-la-hausse-de-lelectricite\\\/\",\"name\":\"Entreprises\u00a0: comment faire face \u00e0 la hausse de l\u2019\u00e9lectricit\u00e9\u00a0? &#8211; Blog - Drylast\",\"isPartOf\":{\"@id\":\"https:\\\/\\\/drylast.com\\\/#website\"},\"primaryImageOfPage\":{\"@id\":\"https:\\\/\\\/drylast.com\\\/blog\\\/entreprises-comment-faire-face-a-la-hausse-de-lelectricite\\\/#primaryimage\"},\"image\":{\"@id\":\"https:\\\/\\\/drylast.com\\\/blog\\\/entreprises-comment-faire-face-a-la-hausse-de-lelectricite\\\/#primaryimage\"},\"thumbnailUrl\":\"https:\\\/\\\/drylast.com\\\/wp-content\\\/uploads\\\/2024\\\/02\\\/Visuel-web-Hausse-electricite.png\",\"datePublished\":\"2024-02-04T09:52:40+00:00\",\"dateModified\":\"2024-10-31T14:12:50+00:00\",\"description\":\"Entreprises\u00a0: comment faire face \u00e0 la hausse de l\u2019\u00e9lectricit\u00e9\u00a0?, article de blog de l'entreprise Drylast.\",\"breadcrumb\":{\"@id\":\"https:\\\/\\\/drylast.com\\\/blog\\\/entreprises-comment-faire-face-a-la-hausse-de-lelectricite\\\/#breadcrumb\"},\"inLanguage\":\"de\",\"potentialAction\":[{\"@type\":\"ReadAction\",\"target\":[\"https:\\\/\\\/drylast.com\\\/blog\\\/entreprises-comment-faire-face-a-la-hausse-de-lelectricite\\\/\"]}]},{\"@type\":\"ImageObject\",\"inLanguage\":\"de\",\"@id\":\"https:\\\/\\\/drylast.com\\\/blog\\\/entreprises-comment-faire-face-a-la-hausse-de-lelectricite\\\/#primaryimage\",\"url\":\"https:\\\/\\\/drylast.com\\\/wp-content\\\/uploads\\\/2024\\\/02\\\/Visuel-web-Hausse-electricite.png\",\"contentUrl\":\"https:\\\/\\\/drylast.com\\\/wp-content\\\/uploads\\\/2024\\\/02\\\/Visuel-web-Hausse-electricite.png\",\"width\":5333,\"height\":3000},{\"@type\":\"BreadcrumbList\",\"@id\":\"https:\\\/\\\/drylast.com\\\/blog\\\/entreprises-comment-faire-face-a-la-hausse-de-lelectricite\\\/#breadcrumb\",\"itemListElement\":[{\"@type\":\"ListItem\",\"position\":1,\"name\":\"Accueil\",\"item\":\"https:\\\/\\\/drylast.com\\\/\"},{\"@type\":\"ListItem\",\"position\":2,\"name\":\"Entreprises\u00a0: comment faire face \u00e0 la hausse de l\u2019\u00e9lectricit\u00e9\u00a0?\"}]},{\"@type\":\"WebSite\",\"@id\":\"https:\\\/\\\/drylast.com\\\/#website\",\"url\":\"https:\\\/\\\/drylast.com\\\/\",\"name\":\"Drylast\",\"description\":\"Technologies de Cool Roofing &amp; d&#039;\u00e9tanch\u00e9it\u00e9\",\"publisher\":{\"@id\":\"https:\\\/\\\/drylast.com\\\/#organization\"},\"potentialAction\":[{\"@type\":\"SearchAction\",\"target\":{\"@type\":\"EntryPoint\",\"urlTemplate\":\"https:\\\/\\\/drylast.com\\\/?s={search_term_string}\"},\"query-input\":{\"@type\":\"PropertyValueSpecification\",\"valueRequired\":true,\"valueName\":\"search_term_string\"}}],\"inLanguage\":\"de\"},{\"@type\":\"Organization\",\"@id\":\"https:\\\/\\\/drylast.com\\\/#organization\",\"name\":\"Drylast\",\"url\":\"https:\\\/\\\/drylast.com\\\/\",\"logo\":{\"@type\":\"ImageObject\",\"inLanguage\":\"de\",\"@id\":\"https:\\\/\\\/drylast.com\\\/#\\\/schema\\\/logo\\\/image\\\/\",\"url\":\"https:\\\/\\\/drylast.com\\\/wp-content\\\/uploads\\\/2023\\\/03\\\/Logo-drylast-fond-jaune-light.jpg\",\"contentUrl\":\"https:\\\/\\\/drylast.com\\\/wp-content\\\/uploads\\\/2023\\\/03\\\/Logo-drylast-fond-jaune-light.jpg\",\"width\":1500,\"height\":500,\"caption\":\"Drylast\"},\"image\":{\"@id\":\"https:\\\/\\\/drylast.com\\\/#\\\/schema\\\/logo\\\/image\\\/\"},\"sameAs\":[\"https:\\\/\\\/www.linkedin.com\\\/company\\\/drylast\\\/\"]},{\"@type\":\"Person\",\"@id\":\"https:\\\/\\\/drylast.com\\\/#\\\/schema\\\/person\\\/7a49a06106ee582f8eee4b405d2f1fed\",\"name\":\"Elsa Seguin\",\"image\":{\"@type\":\"ImageObject\",\"inLanguage\":\"de\",\"@id\":\"https:\\\/\\\/secure.gravatar.com\\\/avatar\\\/de4fb6f58ae5aad7fd1a981237be62e290c8cb42e8df42866982a91e2fa96925?s=96&d=mm&r=g\",\"url\":\"https:\\\/\\\/secure.gravatar.com\\\/avatar\\\/de4fb6f58ae5aad7fd1a981237be62e290c8cb42e8df42866982a91e2fa96925?s=96&d=mm&r=g\",\"contentUrl\":\"https:\\\/\\\/secure.gravatar.com\\\/avatar\\\/de4fb6f58ae5aad7fd1a981237be62e290c8cb42e8df42866982a91e2fa96925?s=96&d=mm&r=g\",\"caption\":\"Elsa Seguin\"},\"url\":\"https:\\\/\\\/drylast.com\\\/de\\\/blog\\\/author\\\/elsa-seguin\\\/\"}]}<\/script>\n<!-- \/ Yoast SEO plugin. -->","yoast_head_json":{"title":"Entreprises\u00a0: comment faire face \u00e0 la hausse de l\u2019\u00e9lectricit\u00e9\u00a0? &#8211; Blog - Drylast","description":"Entreprises\u00a0: comment faire face \u00e0 la hausse de l\u2019\u00e9lectricit\u00e9\u00a0?, article de blog de l'entreprise Drylast.","robots":{"index":"index","follow":"follow","max-snippet":"max-snippet:-1","max-image-preview":"max-image-preview:large","max-video-preview":"max-video-preview:-1"},"canonical":"https:\/\/drylast.com\/de\/blog\/entreprises-comment-faire-face-a-la-hausse-de-lelectricite\/","og_locale":"de_DE","og_type":"article","og_title":"Entreprises\u00a0: comment faire face \u00e0 la hausse de l\u2019\u00e9lectricit\u00e9\u00a0? &#8211; Blog - Drylast","og_description":"Entreprises\u00a0: comment faire face \u00e0 la hausse de l\u2019\u00e9lectricit\u00e9\u00a0?, article de blog de l'entreprise Drylast.","og_url":"https:\/\/drylast.com\/de\/blog\/entreprises-comment-faire-face-a-la-hausse-de-lelectricite\/","og_site_name":"Drylast","article_published_time":"2024-02-04T09:52:40+00:00","article_modified_time":"2024-10-31T14:12:50+00:00","og_image":[{"width":5333,"height":3000,"url":"https:\/\/drylast.com\/wp-content\/uploads\/2024\/02\/Visuel-web-Hausse-electricite.png","type":"image\/png"}],"author":"Elsa Seguin","twitter_card":"summary_large_image","twitter_misc":{"Verfasst von":"Elsa Seguin","Gesch\u00e4tzte Lesezeit":"2\u00a0Minuten"},"schema":{"@context":"https:\/\/schema.org","@graph":[{"@type":"Article","@id":"https:\/\/drylast.com\/blog\/entreprises-comment-faire-face-a-la-hausse-de-lelectricite\/#article","isPartOf":{"@id":"https:\/\/drylast.com\/blog\/entreprises-comment-faire-face-a-la-hausse-de-lelectricite\/"},"author":{"name":"Elsa Seguin","@id":"https:\/\/drylast.com\/#\/schema\/person\/7a49a06106ee582f8eee4b405d2f1fed"},"headline":"Entreprises\u00a0: comment faire face \u00e0 la hausse de l\u2019\u00e9lectricit\u00e9\u00a0?","datePublished":"2024-02-04T09:52:40+00:00","dateModified":"2024-10-31T14:12:50+00:00","mainEntityOfPage":{"@id":"https:\/\/drylast.com\/blog\/entreprises-comment-faire-face-a-la-hausse-de-lelectricite\/"},"wordCount":264,"publisher":{"@id":"https:\/\/drylast.com\/#organization"},"image":{"@id":"https:\/\/drylast.com\/blog\/entreprises-comment-faire-face-a-la-hausse-de-lelectricite\/#primaryimage"},"thumbnailUrl":"https:\/\/drylast.com\/wp-content\/uploads\/2024\/02\/Visuel-web-Hausse-electricite.png","articleSection":["Actualit\u00e9"],"inLanguage":"de"},{"@type":"WebPage","@id":"https:\/\/drylast.com\/blog\/entreprises-comment-faire-face-a-la-hausse-de-lelectricite\/","url":"https:\/\/drylast.com\/blog\/entreprises-comment-faire-face-a-la-hausse-de-lelectricite\/","name":"Entreprises\u00a0: comment faire face \u00e0 la hausse de l\u2019\u00e9lectricit\u00e9\u00a0? &#8211; Blog - Drylast","isPartOf":{"@id":"https:\/\/drylast.com\/#website"},"primaryImageOfPage":{"@id":"https:\/\/drylast.com\/blog\/entreprises-comment-faire-face-a-la-hausse-de-lelectricite\/#primaryimage"},"image":{"@id":"https:\/\/drylast.com\/blog\/entreprises-comment-faire-face-a-la-hausse-de-lelectricite\/#primaryimage"},"thumbnailUrl":"https:\/\/drylast.com\/wp-content\/uploads\/2024\/02\/Visuel-web-Hausse-electricite.png","datePublished":"2024-02-04T09:52:40+00:00","dateModified":"2024-10-31T14:12:50+00:00","description":"Entreprises\u00a0: comment faire face \u00e0 la hausse de l\u2019\u00e9lectricit\u00e9\u00a0?, article de blog de l'entreprise Drylast.","breadcrumb":{"@id":"https:\/\/drylast.com\/blog\/entreprises-comment-faire-face-a-la-hausse-de-lelectricite\/#breadcrumb"},"inLanguage":"de","potentialAction":[{"@type":"ReadAction","target":["https:\/\/drylast.com\/blog\/entreprises-comment-faire-face-a-la-hausse-de-lelectricite\/"]}]},{"@type":"ImageObject","inLanguage":"de","@id":"https:\/\/drylast.com\/blog\/entreprises-comment-faire-face-a-la-hausse-de-lelectricite\/#primaryimage","url":"https:\/\/drylast.com\/wp-content\/uploads\/2024\/02\/Visuel-web-Hausse-electricite.png","contentUrl":"https:\/\/drylast.com\/wp-content\/uploads\/2024\/02\/Visuel-web-Hausse-electricite.png","width":5333,"height":3000},{"@type":"BreadcrumbList","@id":"https:\/\/drylast.com\/blog\/entreprises-comment-faire-face-a-la-hausse-de-lelectricite\/#breadcrumb","itemListElement":[{"@type":"ListItem","position":1,"name":"Accueil","item":"https:\/\/drylast.com\/"},{"@type":"ListItem","position":2,"name":"Entreprises\u00a0: comment faire face \u00e0 la hausse de l\u2019\u00e9lectricit\u00e9\u00a0?"}]},{"@type":"WebSite","@id":"https:\/\/drylast.com\/#website","url":"https:\/\/drylast.com\/","name":"Drylast","description":"Technologies de Cool Roofing &amp; d&#039;\u00e9tanch\u00e9it\u00e9","publisher":{"@id":"https:\/\/drylast.com\/#organization"},"potentialAction":[{"@type":"SearchAction","target":{"@type":"EntryPoint","urlTemplate":"https:\/\/drylast.com\/?s={search_term_string}"},"query-input":{"@type":"PropertyValueSpecification","valueRequired":true,"valueName":"search_term_string"}}],"inLanguage":"de"},{"@type":"Organization","@id":"https:\/\/drylast.com\/#organization","name":"Drylast","url":"https:\/\/drylast.com\/","logo":{"@type":"ImageObject","inLanguage":"de","@id":"https:\/\/drylast.com\/#\/schema\/logo\/image\/","url":"https:\/\/drylast.com\/wp-content\/uploads\/2023\/03\/Logo-drylast-fond-jaune-light.jpg","contentUrl":"https:\/\/drylast.com\/wp-content\/uploads\/2023\/03\/Logo-drylast-fond-jaune-light.jpg","width":1500,"height":500,"caption":"Drylast"},"image":{"@id":"https:\/\/drylast.com\/#\/schema\/logo\/image\/"},"sameAs":["https:\/\/www.linkedin.com\/company\/drylast\/"]},{"@type":"Person","@id":"https:\/\/drylast.com\/#\/schema\/person\/7a49a06106ee582f8eee4b405d2f1fed","name":"Elsa Seguin","image":{"@type":"ImageObject","inLanguage":"de","@id":"https:\/\/secure.gravatar.com\/avatar\/de4fb6f58ae5aad7fd1a981237be62e290c8cb42e8df42866982a91e2fa96925?s=96&d=mm&r=g","url":"https:\/\/secure.gravatar.com\/avatar\/de4fb6f58ae5aad7fd1a981237be62e290c8cb42e8df42866982a91e2fa96925?s=96&d=mm&r=g","contentUrl":"https:\/\/secure.gravatar.com\/avatar\/de4fb6f58ae5aad7fd1a981237be62e290c8cb42e8df42866982a91e2fa96925?s=96&d=mm&r=g","caption":"Elsa Seguin"},"url":"https:\/\/drylast.com\/de\/blog\/author\/elsa-seguin\/"}]}},"_links":{"self":[{"href":"https:\/\/drylast.com\/de\/wp-json\/wp\/v2\/posts\/3207","targetHints":{"allow":["GET"]}}],"collection":[{"href":"https:\/\/drylast.com\/de\/wp-json\/wp\/v2\/posts"}],"about":[{"href":"https:\/\/drylast.com\/de\/wp-json\/wp\/v2\/types\/post"}],"author":[{"embeddable":true,"href":"https:\/\/drylast.com\/de\/wp-json\/wp\/v2\/users\/3"}],"replies":[{"embeddable":true,"href":"https:\/\/drylast.com\/de\/wp-json\/wp\/v2\/comments?post=3207"}],"version-history":[{"count":34,"href":"https:\/\/drylast.com\/de\/wp-json\/wp\/v2\/posts\/3207\/revisions"}],"predecessor-version":[{"id":7128,"href":"https:\/\/drylast.com\/de\/wp-json\/wp\/v2\/posts\/3207\/revisions\/7128"}],"wp:featuredmedia":[{"embeddable":true,"href":"https:\/\/drylast.com\/de\/wp-json\/wp\/v2\/media\/3765"}],"wp:attachment":[{"href":"https:\/\/drylast.com\/de\/wp-json\/wp\/v2\/media?parent=3207"}],"wp:term":[{"taxonomy":"category","embeddable":true,"href":"https:\/\/drylast.com\/de\/wp-json\/wp\/v2\/categories?post=3207"},{"taxonomy":"post_tag","embeddable":true,"href":"https:\/\/drylast.com\/de\/wp-json\/wp\/v2\/tags?post=3207"}],"curies":[{"name":"wp","href":"https:\/\/api.w.org\/{rel}","templated":true}]}}